{"id":14408,"global_id":"www.dfg-frankfurt.de\/fr\/?id=14408","global_id_lineage":["www.dfg-frankfurt.de\/fr\/?id=14408"],"author":"1","status":"publish","date":"2021-11-15 11:38:21","date_utc":"2021-11-15 10:38:21","modified":"2021-11-16 18:10:59","modified_utc":"2021-11-16 17:10:59","url":"https:\/\/www.dfg-frankfurt.de\/fr\/veranstaltungsplan\/les-elections-allemandes-vues-de-la-france-avec-vincent-de-feligonde\/","rest_url":"https:\/\/www.dfg-frankfurt.de\/fr\/wp-json\/tribe\/events\/v1\/events\/14408","title":"Les \u00e9lections allemandes vues de la France avec Vincent de F\u00e9ligonde","description":"<p>Permanent des \u00c9chos \u00e0 Berlin et Georges Marion, correspondant permanent du Monde \u00e0 Berlin<\/p>","excerpt":"","slug":"les-elections-allemandes-vues-de-la-france-avec-vincent-de-feligonde","image":{"url":"https:\/\/www.dfg-frankfurt.de\/wp-content\/uploads\/2017\/06\/no-event-image.jpg","id":3764,"extension":"jpg","width":20,"height":20,"sizes":{"image-id":{"width":20,"height":20,"mime-type":"image\/jpeg","url":"https:\/\/www.dfg-frankfurt.de\/wp-content\/uploads\/2017\/06\/no-event-image-20x20.jpg"}}},"all_day":true,"start_date":"2002-10-10 08:00:00","start_date_details":{"year":"2002","month":"10","day":"10","hour":"08","minutes":"00","seconds":"00"},"end_date":"2002-10-11 07:59:59","end_date_details":{"year":"2002","month":"10","day":"11","hour":"07","minutes":"59","seconds":"59"},"utc_start_date":"2002-10-10 06:00:00","utc_start_date_details":{"year":"2002","month":"10","day":"10","hour":"06","minutes":"00","seconds":"00"},"utc_end_date":"2002-10-11 05:59:59","utc_end_date_details":{"year":"2002","month":"10","day":"11","hour":"05","minutes":"59","seconds":"59"},"timezone":"Europe\/Berlin","timezone_abbr":"CEST","cost":"","cost_details":{"currency_symbol":"","currency_position":"","values":[]},"website":"","show_map":true,"show_map_link":true,"hide_from_listings":false,"sticky":false,"featured":false,"categories":[],"tags":[],"venue":{"id":14368,"author":"1","status":"publish","date":"2021-11-15 10:40:09","date_utc":"2021-11-15 09:40:09","modified":"2021-11-15 10:40:09","modified_utc":"2021-11-15 09:40:09","url":"https:\/\/www.dfg-frankfurt.de\/veranstaltungsort\/wohltaetigkeits-anstalt-zur-einigkeit\/","venue":"Wohlt\u00e4tigkeits-Anstalt zur Einigkeit","slug":"wohltaetigkeits-anstalt-zur-einigkeit","address":"Kaiserstr. 37","city":"Frankfurt am Main","country":"Deutschland","geo_lat":50.108803,"geo_lng":8.6708258,"json_ld":{"@type":"Place","name":"Wohlt\u00e4tigkeits-Anstalt zur Einigkeit","description":"","url":"https:\/\/www.dfg-frankfurt.de\/veranstaltungsort\/wohltaetigkeits-anstalt-zur-einigkeit\/","address":{"@type":"PostalAddress","streetAddress":"Kaiserstr. 37","addressLocality":"Frankfurt am Main","addressCountry":"Deutschland"},"geo":{"@type":"GeoCoordinates","latitude":50.108803,"longitude":8.6708258},"telephone":"","sameAs":""},"show_map":true,"show_map_link":true,"global_id":"www.dfg-frankfurt.de\/fr\/?id=14368","global_id_lineage":["www.dfg-frankfurt.de\/fr\/?id=14368"]},"organizer":[{"id":3282,"author":"1","status":"publish","date":"2017-07-24 19:25:56","date_utc":"2017-07-24 19:25:56","modified":"2017-07-28 23:19:26","modified_utc":"2017-07-28 21:19:26","url":"https:\/\/www.dfg-frankfurt.de\/referent\/de-feligonde-vincent\/","organizer":"de F\u00e9ligonde, Vincent","description":"<p>Chef du service Economique et social (La Croix, Paris)<\/p>","slug":"de-feligonde-vincent","json_ld":{"@type":"Person","name":"de F\u00e9ligonde, Vincent","description":"&lt;p&gt;Chef du service Economique et social (La Croix, Paris)&lt;\/p&gt;\\n","url":"https:\/\/www.dfg-frankfurt.de\/referent\/de-feligonde-vincent\/","telephone":"","email":"","sameAs":""},"global_id":"www.dfg-frankfurt.de\/fr\/?id=3282","global_id_lineage":["www.dfg-frankfurt.de\/fr\/?id=3282"]}],"json_ld":{"@context":"http:\/\/schema.org","@type":"Event","name":"Les \u00e9lections allemandes vues de la France avec Vincent de F\u00e9ligonde","description":"&lt;p&gt;Permanent des \u00c9chos \u00e0 Berlin et Georges Marion, correspondant permanent du Monde \u00e0 Berlin&lt;\/p&gt;\\n","image":"https:\/\/www.dfg-frankfurt.de\/wp-content\/uploads\/2017\/06\/no-event-image.jpg","url":"https:\/\/www.dfg-frankfurt.de\/fr\/veranstaltungsplan\/les-elections-allemandes-vues-de-la-france-avec-vincent-de-feligonde\/","startDate":"2002-10-10T08:00:00+02:00","endDate":"2002-10-11T07:59:59+02:00","location":{"@type":"Place","name":"Wohlt\u00e4tigkeits-Anstalt zur Einigkeit","description":"","url":"https:\/\/www.dfg-frankfurt.de\/veranstaltungsort\/wohltaetigkeits-anstalt-zur-einigkeit\/","address":{"@type":"PostalAddress","streetAddress":"Kaiserstr. 37","addressLocality":"Frankfurt am Main","addressCountry":"Deutschland"},"geo":{"@type":"GeoCoordinates","latitude":50.108803,"longitude":8.6708258},"telephone":"","sameAs":""},"organizer":{"@type":"Person","name":"de F\u00e9ligonde, Vincent","description":"&lt;p&gt;Chef du service Economique et social (La Croix, Paris)&lt;\/p&gt;\\n","url":"https:\/\/www.dfg-frankfurt.de\/referent\/de-feligonde-vincent\/","telephone":"","email":"","sameAs":""}}}