{"id":14440,"global_id":"www.dfg-frankfurt.de\/fr\/?id=14440","global_id_lineage":["www.dfg-frankfurt.de\/fr\/?id=14440"],"author":"1","status":"publish","date":"2021-11-15 13:34:53","date_utc":"2021-11-15 12:34:53","modified":"2021-11-16 18:14:19","modified_utc":"2021-11-16 17:14:19","url":"https:\/\/www.dfg-frankfurt.de\/fr\/veranstaltungsplan\/regards-politiques-sur-les-relations-franco-allemandes\/","rest_url":"https:\/\/www.dfg-frankfurt.de\/fr\/wp-json\/tribe\/events\/v1\/events\/14440","title":"Regards politiques sur les relations franco-allemandes","description":"<p>Discussion avec Anne-Marie Le Gloannec, Michael Werner, G\u00fcnter Hellmann.<br \/>\nAvec la pr\u00e9sence de Dr. G\u00fcnther Nonnenmacher (Herausgeber der FAZ).<br \/>\nZusammenarbeit: Institut fran\u00e7ais.<\/p>","excerpt":"","slug":"regards-politiques-sur-les-relations-franco-allemandes","image":{"url":"https:\/\/www.dfg-frankfurt.de\/wp-content\/uploads\/2017\/06\/no-event-image.jpg","id":3764,"extension":"jpg","width":20,"height":20,"sizes":{"image-id":{"width":20,"height":20,"mime-type":"image\/jpeg","url":"https:\/\/www.dfg-frankfurt.de\/wp-content\/uploads\/2017\/06\/no-event-image-20x20.jpg"}}},"all_day":true,"start_date":"2003-06-18 08:00:00","start_date_details":{"year":"2003","month":"06","day":"18","hour":"08","minutes":"00","seconds":"00"},"end_date":"2003-06-19 07:59:59","end_date_details":{"year":"2003","month":"06","day":"19","hour":"07","minutes":"59","seconds":"59"},"utc_start_date":"2003-06-18 06:00:00","utc_start_date_details":{"year":"2003","month":"06","day":"18","hour":"06","minutes":"00","seconds":"00"},"utc_end_date":"2003-06-19 05:59:59","utc_end_date_details":{"year":"2003","month":"06","day":"19","hour":"05","minutes":"59","seconds":"59"},"timezone":"Europe\/Berlin","timezone_abbr":"CEST","cost":"","cost_details":{"currency_symbol":"","currency_position":"","values":[]},"website":"","show_map":true,"show_map_link":true,"hide_from_listings":false,"sticky":false,"featured":false,"categories":[],"tags":[],"venue":{"id":3426,"author":"1","status":"publish","date":"2017-07-25 18:34:34","date_utc":"2017-07-25 18:34:34","modified":"2017-07-25 20:58:08","modified_utc":"2017-07-25 20:58:08","url":"https:\/\/www.dfg-frankfurt.de\/veranstaltungsort\/goethe-universitaet-seminarhaus\/","venue":"Goethe-Universit\u00e4t, Seminarhaus","slug":"goethe-universitaet-seminarhaus","address":"Max-Horkheimer-Stra\u00dfe 4","city":"Frankfurt am Main","country":"Deutschland","zip":"60323","geo_lat":50.1292735,"geo_lng":8.6683663,"json_ld":{"@type":"Place","name":"Goethe-Universit\u00e4t, Seminarhaus","description":"","url":"https:\/\/www.dfg-frankfurt.de\/veranstaltungsort\/goethe-universitaet-seminarhaus\/","address":{"@type":"PostalAddress","streetAddress":"Max-Horkheimer-Stra\u00dfe 4","addressLocality":"Frankfurt am Main","postalCode":"60323","addressCountry":"Deutschland"},"geo":{"@type":"GeoCoordinates","latitude":50.1292735,"longitude":8.6683663},"telephone":"","sameAs":""},"show_map":true,"show_map_link":true,"global_id":"www.dfg-frankfurt.de\/fr\/?id=3426","global_id_lineage":["www.dfg-frankfurt.de\/fr\/?id=3426"]},"organizer":[{"id":3335,"author":"1","status":"publish","date":"2017-07-24 19:58:30","date_utc":"2017-07-24 19:58:30","modified":"2017-07-28 21:40:44","modified_utc":"2017-07-28 19:40:44","url":"https:\/\/www.dfg-frankfurt.de\/referent\/le-gloannec-anne-marie-prof-dr\/","organizer":"Le Gloannec, Anne-Marie Prof. Dr.","description":"<p>Professor der Politikwissenschaften (Sciences Po Paris)<\/p>","slug":"le-gloannec-anne-marie-prof-dr","json_ld":{"@type":"Person","name":"Le Gloannec, Anne-Marie Prof. Dr.","description":"&lt;p&gt;Professor der Politikwissenschaften (Sciences Po Paris)&lt;\/p&gt;\\n","url":"https:\/\/www.dfg-frankfurt.de\/referent\/le-gloannec-anne-marie-prof-dr\/","telephone":"","email":"","sameAs":""},"global_id":"www.dfg-frankfurt.de\/fr\/?id=3335","global_id_lineage":["www.dfg-frankfurt.de\/fr\/?id=3335"]},{"id":3101,"author":"1","status":"publish","date":"2017-06-27 19:30:47","date_utc":"2017-06-27 19:30:47","modified":"2018-06-01 08:31:23","modified_utc":"2018-06-01 06:31:23","url":"https:\/\/www.dfg-frankfurt.de\/referent\/nonnenmacher-guenther-dr\/","organizer":"Nonnenmacher, G\u00fcnther Dr.","description":"<p>G\u00fcnther Nonnenmacher (* 2. November 1948 in Karlsruhe) ist ein deutscher Journalist und war bis 2014 Mitherausgeber der Frankfurter Allgemeinen Zeitung (FAZ).<\/p>\n<p><strong>Liste der Veranstaltungen:<\/strong><\/p>\n<ul>\n<li><a href=\"https:\/\/www.dfg-frankfurt.de\/veranstaltungsplan\/franzoesischen-praesidentschafts-und-parlamentswahl\/\">Franz\u00f6sischen Pr\u00e4sidentschafts- und Parlamentswahl<\/a><\/li>\n<li><a href=\"https:\/\/www.dfg-frankfurt.de\/veranstaltungsplan\/das-ergebnis-der-bundestagswahlen-aus-deutscher-und-franzoesischer-sicht\/\">Das Ergebnis der Bundestagswahlen aus deutscher und franz\u00f6sischer Sicht<\/a><\/li>\n<li><a href=\"https:\/\/www.dfg-frankfurt.de\/veranstaltungsplan\/vertrauenskulturen-in-deutschland-und-frankreich-was-bewirken-sie\/\">Vertrauenskulturen in Deutschland und Frankreich: Was bewirken sie?<\/a><\/li>\n<li><a href=\"https:\/\/www.dfg-frankfurt.de\/veranstaltungsplan\/elections-europeennes-la-montee-du-populisme-en-france-et-en-europe\/\">\u00abElections europ\u00e9ennes: la mont\u00e9e du populisme en France et en Europe\u00bb<\/a><\/li>\n<li><a href=\"https:\/\/www.dfg-frankfurt.de\/veranstaltungsplan\/vortrag-dr-g-nonnenmacher-welches-europa-ist-mit-macron-und-merkel-machbar\/\">Vortrag Dr. G. Nonnenmacher \u201eWelches Europa ist mit Macron und Merkel machbar?\u201c<\/a><\/li>\n<\/ul>","slug":"nonnenmacher-guenther-dr","image":{"url":"https:\/\/www.dfg-frankfurt.de\/wp-content\/uploads\/G-Nonnenmacher.jpg","id":4965,"extension":"jpg","width":1000,"height":1500,"sizes":{"thumbnail":{"width":150,"height":150,"mime-type":"image\/jpeg","url":"https:\/\/www.dfg-frankfurt.de\/wp-content\/uploads\/G-Nonnenmacher-150x150.jpg"},"medium":{"width":200,"height":300,"mime-type":"image\/jpeg","url":"https:\/\/www.dfg-frankfurt.de\/wp-content\/uploads\/G-Nonnenmacher-200x300.jpg"},"medium_large":{"width":768,"height":1152,"mime-type":"image\/jpeg","url":"https:\/\/www.dfg-frankfurt.de\/wp-content\/uploads\/G-Nonnenmacher-768x1152.jpg"},"large":{"width":683,"height":1024,"mime-type":"image\/jpeg","url":"https:\/\/www.dfg-frankfurt.de\/wp-content\/uploads\/G-Nonnenmacher-683x1024.jpg"},"post-thumbnail":{"width":66,"height":66,"mime-type":"image\/jpeg","url":"https:\/\/www.dfg-frankfurt.de\/wp-content\/uploads\/G-Nonnenmacher-66x66.jpg"},"slide-image":{"width":1000,"height":553,"mime-type":"image\/jpeg","url":"https:\/\/www.dfg-frankfurt.de\/wp-content\/uploads\/G-Nonnenmacher-1000x553.jpg"},"page-banner":{"width":1000,"height":200,"mime-type":"image\/jpeg","url":"https:\/\/www.dfg-frankfurt.de\/wp-content\/uploads\/G-Nonnenmacher-1000x200.jpg"},"gallery-thumb":{"width":333,"height":500,"mime-type":"image\/jpeg","url":"https:\/\/www.dfg-frankfurt.de\/wp-content\/uploads\/G-Nonnenmacher-333x500.jpg"},"lightbox-large":{"width":1000,"height":1500,"mime-type":"image\/jpeg","url":"https:\/\/www.dfg-frankfurt.de\/wp-content\/uploads\/G-Nonnenmacher-1000x1500.jpg"},"recent-post-thumbnail":{"width":600,"height":240,"mime-type":"image\/jpeg","url":"https:\/\/www.dfg-frankfurt.de\/wp-content\/uploads\/G-Nonnenmacher-600x240.jpg"},"recent-post-thumbnail-square":{"width":600,"height":600,"mime-type":"image\/jpeg","url":"https:\/\/www.dfg-frankfurt.de\/wp-content\/uploads\/G-Nonnenmacher-600x600.jpg"},"feature-block-half":{"width":450,"height":120,"mime-type":"image\/jpeg","url":"https:\/\/www.dfg-frankfurt.de\/wp-content\/uploads\/G-Nonnenmacher-450x120.jpg"},"feature-block-full":{"width":940,"height":120,"mime-type":"image\/jpeg","url":"https:\/\/www.dfg-frankfurt.de\/wp-content\/uploads\/G-Nonnenmacher-940x120.jpg"},"single-featured-sm":{"width":400,"height":600,"mime-type":"image\/jpeg","url":"https:\/\/www.dfg-frankfurt.de\/wp-content\/uploads\/G-Nonnenmacher-400x600.jpg"},"single-featured-full":{"width":627,"height":940,"mime-type":"image\/jpeg","url":"https:\/\/www.dfg-frankfurt.de\/wp-content\/uploads\/G-Nonnenmacher-627x940.jpg"},"image-preview":{"width":79,"height":87,"mime-type":"image\/jpeg","url":"https:\/\/www.dfg-frankfurt.de\/wp-content\/uploads\/G-Nonnenmacher-79x87.jpg"},"image-id":{"width":30,"height":20,"mime-type":"image\/jpeg","url":"https:\/\/www.dfg-frankfurt.de\/wp-content\/uploads\/G-Nonnenmacher-30x20.jpg"},"big-id":{"width":149,"height":87,"mime-type":"image\/jpeg","url":"https:\/\/www.dfg-frankfurt.de\/wp-content\/uploads\/G-Nonnenmacher-149x87.jpg"},"slide":{"width":1000,"height":558,"mime-type":"image\/jpeg","url":"https:\/\/www.dfg-frankfurt.de\/wp-content\/uploads\/G-Nonnenmacher-1000x558.jpg"}}},"website":"https:\/\/de.wikipedia.org\/wiki\/G\u00fcnther_Nonnenmacher","json_ld":{"@type":"Person","name":"Nonnenmacher, G\u00fcnther Dr.","description":"&lt;p&gt;G\u00fcnther Nonnenmacher (* 2. November 1948 in Karlsruhe) ist ein deutscher Journalist und war bis 2014 Mitherausgeber der Frankfurter Allgemeinen Zeitung (FAZ). Liste der Veranstaltungen: Franz\u00f6sischen Pr\u00e4sidentschafts- und Parlamentswahl Das Ergebnis der Bundestagswahlen aus deutscher und franz\u00f6sischer Sicht Vertrauenskulturen in Deutschland und Frankreich: Was bewirken sie? \u00abElections europ\u00e9ennes: la mont\u00e9e du populisme en France et [&hellip;]&lt;\/p&gt;\\n","image":"https:\/\/www.dfg-frankfurt.de\/wp-content\/uploads\/G-Nonnenmacher.jpg","url":"https:\/\/www.dfg-frankfurt.de\/referent\/nonnenmacher-guenther-dr\/","telephone":"","email":"","sameAs":"https:\/\/de.wikipedia.org\/wiki\/G\u00fcnther_Nonnenmacher"},"global_id":"www.dfg-frankfurt.de\/fr\/?id=3101","global_id_lineage":["www.dfg-frankfurt.de\/fr\/?id=3101"]},{"id":14438,"author":"1","status":"publish","date":"2021-11-15 13:34:53","date_utc":"2021-11-15 12:34:53","modified":"2021-11-15 13:34:53","modified_utc":"2021-11-15 12:34:53","url":"https:\/\/www.dfg-frankfurt.de\/referent\/werner-michael\/","organizer":"Werner, Michael","slug":"werner-michael","json_ld":{"@type":"Person","name":"Werner, Michael","description":"","url":"https:\/\/www.dfg-frankfurt.de\/referent\/werner-michael\/","telephone":"","email":"","sameAs":""},"global_id":"www.dfg-frankfurt.de\/fr\/?id=14438","global_id_lineage":["www.dfg-frankfurt.de\/fr\/?id=14438"]},{"id":14439,"author":"1","status":"publish","date":"2021-11-15 13:34:53","date_utc":"2021-11-15 12:34:53","modified":"2021-11-15 13:34:53","modified_utc":"2021-11-15 12:34:53","url":"https:\/\/www.dfg-frankfurt.de\/referent\/hellmann-guenter\/","organizer":"Hellmann, G\u00fcnter","slug":"hellmann-guenter","json_ld":{"@type":"Person","name":"Hellmann, G\u00fcnter","description":"","url":"https:\/\/www.dfg-frankfurt.de\/referent\/hellmann-guenter\/","telephone":"","email":"","sameAs":""},"global_id":"www.dfg-frankfurt.de\/fr\/?id=14439","global_id_lineage":["www.dfg-frankfurt.de\/fr\/?id=14439"]}],"json_ld":{"@context":"http:\/\/schema.org","@type":"Event","name":"Regards politiques sur les relations franco-allemandes","description":"&lt;p&gt;Discussion avec Anne-Marie Le Gloannec, Michael Werner, G\u00fcnter Hellmann. Avec la pr\u00e9sence de Dr. G\u00fcnther Nonnenmacher (Herausgeber der FAZ). Zusammenarbeit: Institut fran\u00e7ais.&lt;\/p&gt;\\n","image":"https:\/\/www.dfg-frankfurt.de\/wp-content\/uploads\/2017\/06\/no-event-image.jpg","url":"https:\/\/www.dfg-frankfurt.de\/fr\/veranstaltungsplan\/regards-politiques-sur-les-relations-franco-allemandes\/","startDate":"2003-06-18T08:00:00+02:00","endDate":"2003-06-19T07:59:59+02:00","location":{"@type":"Place","name":"Goethe-Universit\u00e4t, Seminarhaus","description":"","url":"https:\/\/www.dfg-frankfurt.de\/veranstaltungsort\/goethe-universitaet-seminarhaus\/","address":{"@type":"PostalAddress","streetAddress":"Max-Horkheimer-Stra\u00dfe 4","addressLocality":"Frankfurt am Main","postalCode":"60323","addressCountry":"Deutschland"},"geo":{"@type":"GeoCoordinates","latitude":50.1292735,"longitude":8.6683663},"telephone":"","sameAs":""},"organizer":{"@type":"Person","name":"Le Gloannec, Anne-Marie Prof. Dr.","description":"&lt;p&gt;Professor der Politikwissenschaften (Sciences Po Paris)&lt;\/p&gt;\\n","url":"https:\/\/www.dfg-frankfurt.de\/referent\/le-gloannec-anne-marie-prof-dr\/","telephone":"","email":"","sameAs":""}}}