{"id":14566,"global_id":"www.dfg-frankfurt.de\/fr\/?id=14566","global_id_lineage":["www.dfg-frankfurt.de\/fr\/?id=14566"],"author":"1","status":"publish","date":"2021-11-16 14:18:43","date_utc":"2021-11-16 13:18:43","modified":"2021-11-16 20:18:30","modified_utc":"2021-11-16 19:18:30","url":"https:\/\/www.dfg-frankfurt.de\/fr\/veranstaltungsplan\/theorie-et-politique-economique-les-lecons-dune-experience\/","rest_url":"https:\/\/www.dfg-frankfurt.de\/fr\/wp-json\/tribe\/events\/v1\/events\/14566","title":"Th\u00e9orie et politique \u00e9conomique : les le\u00e7ons d\u00b4une exp\u00e9rience","description":"<p>Anl\u00e4sslich des Festakts zur Einweihung der Gastprofessur Raymond Barre<br \/>\n\u201eTh\u00e9orie et politique \u00e9conomique : les le\u00e7ons d\u00b4une exp\u00e9rience\u201c<\/p>","excerpt":"","slug":"theorie-et-politique-economique-les-lecons-dune-experience","image":{"url":"https:\/\/www.dfg-frankfurt.de\/wp-content\/uploads\/2017\/06\/no-event-image.jpg","id":3764,"extension":"jpg","width":20,"height":20,"sizes":{"image-id":{"width":20,"height":20,"mime-type":"image\/jpeg","url":"https:\/\/www.dfg-frankfurt.de\/wp-content\/uploads\/2017\/06\/no-event-image-20x20.jpg"}}},"all_day":true,"start_date":"2005-12-01 08:00:00","start_date_details":{"year":"2005","month":"12","day":"01","hour":"08","minutes":"00","seconds":"00"},"end_date":"2005-12-02 07:59:59","end_date_details":{"year":"2005","month":"12","day":"02","hour":"07","minutes":"59","seconds":"59"},"utc_start_date":"2005-12-01 07:00:00","utc_start_date_details":{"year":"2005","month":"12","day":"01","hour":"07","minutes":"00","seconds":"00"},"utc_end_date":"2005-12-02 06:59:59","utc_end_date_details":{"year":"2005","month":"12","day":"02","hour":"06","minutes":"59","seconds":"59"},"timezone":"Europe\/Berlin","timezone_abbr":"CET","cost":"","cost_details":{"currency_symbol":"","currency_position":"","values":[]},"website":"","show_map":true,"show_map_link":true,"hide_from_listings":false,"sticky":false,"featured":false,"categories":[],"tags":[],"venue":{"id":2956,"author":"1","status":"publish","date":"2017-06-23 21:10:33","date_utc":"2017-06-23 21:10:33","modified":"2018-04-13 12:40:41","modified_utc":"2018-04-13 10:40:41","url":"https:\/\/www.dfg-frankfurt.de\/veranstaltungsort\/goethe-universitaet-hoersaalzentrum\/","venue":"Goethe-Universit\u00e4t, Campus Westend, H\u00f6rsaalzentrum","slug":"goethe-universitaet-hoersaalzentrum","address":"Theodor W. Adorno Platz","city":"Frankfurt am Main","country":"Deutschland","zip":"60323","geo_lat":50.1281734,"geo_lng":8.6677695,"json_ld":{"@type":"Place","name":"Goethe-Universit\u00e4t, Campus Westend, H\u00f6rsaalzentrum","description":"","url":"https:\/\/www.dfg-frankfurt.de\/veranstaltungsort\/goethe-universitaet-hoersaalzentrum\/","address":{"@type":"PostalAddress","streetAddress":"Theodor W. Adorno Platz","addressLocality":"Frankfurt am Main","postalCode":"60323","addressCountry":"Deutschland"},"geo":{"@type":"GeoCoordinates","latitude":50.1281734,"longitude":8.6677695},"telephone":"","sameAs":""},"show_map":true,"show_map_link":true,"global_id":"www.dfg-frankfurt.de\/fr\/?id=2956","global_id_lineage":["www.dfg-frankfurt.de\/fr\/?id=2956"]},"organizer":[{"id":14565,"author":"1","status":"publish","date":"2021-11-16 14:18:43","date_utc":"2021-11-16 13:18:43","modified":"2021-11-16 14:18:43","modified_utc":"2021-11-16 13:18:43","url":"https:\/\/www.dfg-frankfurt.de\/referent\/barre-raymond\/","organizer":"Barre, Raymond","slug":"barre-raymond","json_ld":{"@type":"Person","name":"Barre, Raymond","description":"","url":"https:\/\/www.dfg-frankfurt.de\/referent\/barre-raymond\/","telephone":"","email":"","sameAs":""},"global_id":"www.dfg-frankfurt.de\/fr\/?id=14565","global_id_lineage":["www.dfg-frankfurt.de\/fr\/?id=14565"]}],"json_ld":{"@context":"http:\/\/schema.org","@type":"Event","name":"Th\u00e9orie et politique \u00e9conomique : les le\u00e7ons d\u00b4une exp\u00e9rience","description":"&lt;p&gt;Anl\u00e4sslich des Festakts zur Einweihung der Gastprofessur Raymond Barre \u201eTh\u00e9orie et politique \u00e9conomique : les le\u00e7ons d\u00b4une exp\u00e9rience\u201c&lt;\/p&gt;\\n","image":"https:\/\/www.dfg-frankfurt.de\/wp-content\/uploads\/2017\/06\/no-event-image.jpg","url":"https:\/\/www.dfg-frankfurt.de\/fr\/veranstaltungsplan\/theorie-et-politique-economique-les-lecons-dune-experience\/","startDate":"2005-12-01T08:00:00+01:00","endDate":"2005-12-02T07:59:59+01:00","location":{"@type":"Place","name":"Goethe-Universit\u00e4t, Campus Westend, H\u00f6rsaalzentrum","description":"","url":"https:\/\/www.dfg-frankfurt.de\/veranstaltungsort\/goethe-universitaet-hoersaalzentrum\/","address":{"@type":"PostalAddress","streetAddress":"Theodor W. Adorno Platz","addressLocality":"Frankfurt am Main","postalCode":"60323","addressCountry":"Deutschland"},"geo":{"@type":"GeoCoordinates","latitude":50.1281734,"longitude":8.6677695},"telephone":"","sameAs":""},"organizer":{"@type":"Person","name":"Barre, Raymond","description":"","url":"https:\/\/www.dfg-frankfurt.de\/referent\/barre-raymond\/","telephone":"","email":"","sameAs":""}}}