{"id":19775,"date":"2024-01-13T19:02:13","date_gmt":"2024-01-13T18:02:13","guid":{"rendered":"https:\/\/www.dfg-frankfurt.de\/frankfurter-rundschau-im-dienste-der-voelkerverstaendigung-stand-17-01-2021-1900-uhr\/"},"modified":"2024-01-13T19:07:55","modified_gmt":"2024-01-13T18:07:55","slug":"frankfurter-rundschau-im-dienste-der-voelkerverstaendigung-stand-17-01-2021-1900-uhr","status":"publish","type":"post","link":"https:\/\/www.dfg-frankfurt.de\/fr\/frankfurter-rundschau-im-dienste-der-voelkerverstaendigung-stand-17-01-2021-1900-uhr\/","title":{"rendered":"Frankfurter Rundschau Au service de l&rsquo;entente entre les peuples (article en allemand)"},"content":{"rendered":"<div class=\"\">\n<p class=\"\"><span class=\"\" style=\"font-family: Helvetica; font-size: medium;\">Christophe Braouet, Pr\u00e9sident de la Soci\u00e9t\u00e9 Franco-Allemande, ne fait pas seulement la promotion lors de la Journ\u00e9e franco-allemande pour une meilleure collaboration entre les personnes des deux pays. Des conf\u00e9rences et des offres cin\u00e9matographiques visent \u00e0 mieux expliquer la France.\u00a0<\/span><\/p>\n<\/div>\n<p><a class=\"\" href=\"https:\/\/www.fr.de\/frankfurt\/im-dienste-der-voelkerverstaendigung-90171650.html?itm_source=story_detail&amp;itm_medium=interaction_bar&amp;itm_campaign=share\">https:\/\/www.fr.de\/frankfurt\/im-dienste-der-voelkerverstaendigung-90171650.html?itm_source=story_detail&amp;itm_medium=interaction_bar&amp;itm_campaign=share<\/a><\/p>\n","protected":false},"excerpt":{"rendered":"<p>Christophe Braouet, Pr\u00e9sident de la Soci\u00e9t\u00e9 Franco-Allemande, ne fait pas seulement la promotion lors de la Journ\u00e9e franco-allemande pour une meilleure collaboration entre les personnes des deux pays. Des conf\u00e9rences et des offres cin\u00e9matographiques visent \u00e0 mieux expliquer la France.\u00a0 https:\/\/www.fr.de\/frankfurt\/im-dienste-der-voelkerverstaendigung-90171650.html?itm_source=story_detail&amp;itm_medium=interaction_bar&amp;itm_campaign=share<\/p>\n","protected":false},"author":1,"featured_media":0,"comment_status":"closed","ping_status":"open","sticky":false,"template":"","format":"standard","meta":{"footnotes":""},"categories":[19],"tags":[],"_links":{"self":[{"href":"https:\/\/www.dfg-frankfurt.de\/fr\/wp-json\/wp\/v2\/posts\/19775"}],"collection":[{"href":"https:\/\/www.dfg-frankfurt.de\/fr\/wp-json\/wp\/v2\/posts"}],"about":[{"href":"https:\/\/www.dfg-frankfurt.de\/fr\/wp-json\/wp\/v2\/types\/post"}],"author":[{"embeddable":true,"href":"https:\/\/www.dfg-frankfurt.de\/fr\/wp-json\/wp\/v2\/users\/1"}],"replies":[{"embeddable":true,"href":"https:\/\/www.dfg-frankfurt.de\/fr\/wp-json\/wp\/v2\/comments?post=19775"}],"version-history":[{"count":2,"href":"https:\/\/www.dfg-frankfurt.de\/fr\/wp-json\/wp\/v2\/posts\/19775\/revisions"}],"predecessor-version":[{"id":19777,"href":"https:\/\/www.dfg-frankfurt.de\/fr\/wp-json\/wp\/v2\/posts\/19775\/revisions\/19777"}],"wp:attachment":[{"href":"https:\/\/www.dfg-frankfurt.de\/fr\/wp-json\/wp\/v2\/media?parent=19775"}],"wp:term":[{"taxonomy":"category","embeddable":true,"href":"https:\/\/www.dfg-frankfurt.de\/fr\/wp-json\/wp\/v2\/categories?post=19775"},{"taxonomy":"post_tag","embeddable":true,"href":"https:\/\/www.dfg-frankfurt.de\/fr\/wp-json\/wp\/v2\/tags?post=19775"}],"curies":[{"name":"wp","href":"https:\/\/api.w.org\/{rel}","templated":true}]}}