{"id":22917,"date":"2025-07-01T22:59:00","date_gmt":"2025-07-01T20:59:00","guid":{"rendered":"https:\/\/www.dfg-frankfurt.de\/?p=22917"},"modified":"2025-07-01T22:59:00","modified_gmt":"2025-07-01T20:59:00","slug":"commentaires-juin-2025","status":"publish","type":"post","link":"https:\/\/www.dfg-frankfurt.de\/fr\/commentaires-juin-2025\/","title":{"rendered":"Commentaires Juin 2025"},"content":{"rendered":"<p><strong>Com<\/strong><strong>mentaires N\u00b0 37\u00a0 <\/strong><\/p>\n<p>Francfort, 30 juin 2025<\/p>\n<p>Les astres sont align\u00e9s comme ils ne l\u2019\u00e9taient plus depuis longtemps : l\u2019entrant sur la sc\u00e8ne Friedrich Merz aime \u00e0 \u00e9voquer une plus grande souverainet\u00e9 europ\u00e9enne ch\u00e8re au sortant Emmanuel Macron. Il est urgent de saisir l\u2019opportunit\u00e9 de la nouvelle donne. Car l\u2019environnement international est propice, avec Donald Trump qui pousse l\u2019Allemagne \u00e0 s\u2019interroger sur ses rapports avec le grand fr\u00e8re am\u00e9ricain. Friedrich Merz, qui a pr\u00e9sid\u00e9 pendant 10 ans le principal thinktank germano-am\u00e9ricain (Atlantik-Br\u00fccke) parle de modifications durables des relations transatlantiques, qui doivent se traduire par plus d\u2019Europe. Le contexte politique en France est tout aussi favorable. Tout le monde y pense, aff\u00fbte ses armes pour se positionner : il faut trouver un successeur \u00e0 Emmanuel Macron, qui -du fait de la limitation constitutionnelle \u00e0 deux mandats- ne pourra pas se pr\u00e9senter \u00e0 l\u2019\u00e9lection pr\u00e9sidentielle fran\u00e7aise de mai 2027.<\/p>\n<p>La droite traditionnelle s\u2019\u00e9miette et retrouve sa structure historique. Symboliquement, c\u2019est le 18 juin -jour de l\u2019appel \u00e0 la r\u00e9sistance du G\u00e9n\u00e9ral de Gaulle en 1940- que <strong>Dominique de Villepin<\/strong> a choisi pour lancer la cr\u00e9ation de son nouveau parti <em>\u201cLa France humaniste\u201d:<\/em> et donc de trois aux c\u00f4t\u00e9s des <em>R\u00e9publicains <\/em>(<strong>Bruno Retailleau<\/strong> venant d\u2019emporter la pr\u00e9sidence de tr\u00e8s peu face \u00e0 <strong>Laurent Wauquiez<\/strong>) et du parti <em>Horizons<\/em> de l\u2019ancien Premier ministre <strong>Edouard Philippe,<\/strong> <strong>Edouard Philippe<\/strong>, qui reste le plus populaire des politiciens avec 41 % d\u2019opinions favorables, alors qu\u2019il a quitt\u00e9 Matignon il y a 5 ans d\u00e9j\u00e0.<\/p>\n<p>La gauche traditionnelle continue elle aussi \u00e0 se d\u00e9chirer, alors que l\u2019ancien Premier ministre <strong>Gabriel Attal<\/strong> esp\u00e8re jouer un r\u00f4le\u00a0: il est avec 37 % d\u2019opinions favorables le troisi\u00e8me personnage politique pr\u00e9f\u00e9r\u00e9 des Fran\u00e7ais <strong>Rapha\u00ebl Glucksmann<\/strong> avait suscit\u00e9 l\u2019espoir d\u2019un renouveau social-d\u00e9mocrate du socialisme fran\u00e7ais apr\u00e8s avoir remport\u00e9 14 % des voix aux derni\u00e8res \u00e9lections europ\u00e9ennes. Mais il ne parvient pas (encore ?) \u00e0 s\u2019affirmer face \u00e0 un <strong>Olivier Faure<\/strong>, qui pr\u00e9side le parti de Fran\u00e7ois Mitterrand depuis 2018 d\u00e9j\u00e0, sans \u00eatre vraiment appr\u00e9ci\u00e9. Il vient de battre avec seulement 50,9% des voix Nicolas Mayer-Rossignol ,le maire de Rouen encore moins connu que lui. En attendant que les socialistes s\u2019organisent, avec l\u2019ancien Pr\u00e9sident <strong>Fran\u00e7ois Hollande<\/strong> en embuscade (il est \u00e0 nouveau l\u2019homme de gauche le plus populaire), les \u00e9cologistes et les communistes esp\u00e8rent pouvoir en tirer profit.<\/p>\n<p>Cette zizanie -\u00e0 droite comme \u00e0 gauche- fait (pour l\u2018instant) le jeu des populistes de la droite et de la gauche radicales. <strong>Jean-Luc M\u00e9lenchon<\/strong> est cr\u00e9dit\u00e9 de 13 % et reste le seul candidat de gauche \u00e0 avoir une chance d\u2019atteindre le second tour, alors qu\u2019il f\u00eatera ses 76 ans en 2027 et qu\u2019il perd pied dans les sondages d\u2019opinion. \u00a0Le socialiste Olivier Faure, l\u2019\u00e9cologiste <strong>Marine Tonnelier <\/strong>et le communiste <strong>Fabien Roussel<\/strong> obtiendraient moins de 5 %. A l\u2019autre bord, <strong>Marine Le Pen<\/strong> fait mine d\u2019ignorer son interdiction de se pr\u00e9senter, ayant \u00e9t\u00e9 condamn\u00e9 \u00e0 cinq ans d\u2019in\u00e9ligibilit\u00e9 pour d\u00e9tournement de fonds publics. Elle suit en cela le discours bien rod\u00e9 des populistes d\u2019extr\u00eame droite de tout crin, qui, \u00e0 l\u2019instar de Donald Trump, condamn\u00e9 lui aussi, disent que le seul jugement qui compte est celui du vote populaire. Ce contexte est l\u2019heure de la derni\u00e8re chance pour Emmanuel Macron pour r\u00e9aliser ses projets europ\u00e9ens.<\/p>\n<p>L\u2019Allemagne a de son c\u00f4t\u00e9 toutes les cartes en main pour redevenir la locomotive de l\u2019Europe. Forte d\u2019un nouveau gouvernement, elle sort d\u2019une r\u00e9cession qui aura dur\u00e9 deux ans, la plus longue depuis la cr\u00e9ation de la R\u00e9publique f\u00e9d\u00e9rale. Ses finances publiques sont saines avec une dette de 62 % du PIB et Friedrich Merz a fait voter des enveloppes budg\u00e9taires \u00e0 hauteur de 900 milliards d\u2019Euros pour la d\u00e9fense et les infrastructures.<\/p>\n<p>La dette fran\u00e7aise (\u00e0 113 % du PIB) atteint quasiment le double de celle de l\u2019Allemagne. Pour gagner la confiance de Friedrich Merz, la France se doit d\u2019assainir ses finances publiques et \u00e9conomiser 40 milliards d\u2019Euros en 2026. En m\u00eame temps, les d\u00e9penses militaires sont \u00e0 la hausse, et la Commission europ\u00e9enne rel\u00e8ve d\u2019autres d\u00e9fis co\u00fbteux. Il est certes encourageant qu\u2019elle consid\u00e8re la France e \u00e0 peu pr\u00e8s en ligne avec la trajectoire de redressement de ses finances publiques. Mais elle rappelle la liste des d\u00e9fis fran\u00e7ais, en t\u00eate desquels la lourdeur administrative, prenant pour exemple le cr\u00e9dit d&rsquo;imp\u00f4t recherche, jug\u00e9 co\u00fbteux et inefficace. La Commission craint par ailleurs que la France rate l&rsquo;objectif de r\u00e9duction des \u00e9missions de gaz \u00e0 effet de serre, les \u00e9nergies renouvelables se d\u00e9veloppant trop lentement. Le sujet de pr\u00e9occupation majeur concerne le syst\u00e8me \u00e9ducatif. Il reproduit fortement les in\u00e9galit\u00e9s, avec des enseignants trop mal pay\u00e9s, et la progression du risque de pauvret\u00e9 et d&rsquo;exclusion sociale des enfants, plus marqu\u00e9 en France que dans le reste de l&rsquo;Union.<\/p>\n<p>Tout ceci au moment o\u00f9 le prix du parapluie nucl\u00e9aire am\u00e9ricain a consid\u00e9rablement augment\u00e9. Les pays membres de l\u2019OTAN (\u00e0 l\u2019exception provisoire de l\u2019Espagne) ont approuv\u00e9 le 24 juin dernier au sommet de La Haye d\u2019augmenter leurs d\u00e9penses militaires \u00e0 3,5 % du PIB, major\u00e9s de 1,5 % pour des d\u00e9penses au titre d\u2019infrastructures de nature strat\u00e9gique (ponts, routes, digitalisation\u2026). \u00a0C\u2019est le prix \u00e0 payer pour garder la protection strat\u00e9gique du parapluie nucl\u00e9aire am\u00e9ricain, sans pour autant avoir la garantie que celui-ci reste acquis \u00e0 l\u2019avenir. C\u2019est l\u2019heure pour les Europ\u00e9ens, et notamment l\u2019Allemagne, de r\u00e9aliser que les Etats-Unis -avec ou sans Trump \u2013 souhaitent se concentrer sur la menace chinoise dans la r\u00e9gion pacifique, plus peupl\u00e9 et bien plus prosp\u00e8re\u00a0que ne l\u2019est l\u2019Europe: les seuls Inde, Japon et Indon\u00e9sie ont ensemble un poids sup\u00e9rieur \u00e0 celui de l\u2019Europe.<\/p>\n<p>Il n&rsquo;est donc pas surprenant que la contribution des \u00c9tats-Unis \u00e0 la d\u00e9fense de l&rsquo;Ukraine\u00a0 ait \u00e9t\u00e9 r\u00e9duite \u00e0 n\u00e9ant depuis le d\u00e9but de l&rsquo;ann\u00e9e\u2013militaire comme financi\u00e8re . Voil\u00e0 pour le verre \u00e0 moiti\u00e9 vide. Le verre \u00e0 moiti\u00e9 plein montre une Europe qui a su augmenter sa contribution, d\u00e9sormais deux fois plus \u00e9lev\u00e9e que celles des \u00c9tats-Unis : les aides effectivement vers\u00e9es par l&rsquo;Europe s&rsquo;\u00e9l\u00e8vent \u00e0 202 milliards d&rsquo;euros (contre 119 milliards pour les \u00c9tats-Unis).<\/p>\n<p><strong>soutiens \u00e0 l&rsquo;Ukraine (chiffres en milliards d&rsquo;euros)<\/strong><\/p>\n<table>\n<tbody>\n<tr>\n<td width=\"121\">&nbsp;<\/td>\n<td width=\"121\"><strong>Total<\/strong><\/td>\n<td width=\"121\">Financi\u00e8re<\/td>\n<td width=\"121\">Humanitaire<\/td>\n<td width=\"121\">Militaire<\/td>\n<\/tr>\n<tr>\n<td width=\"121\"><strong>\u00c9TATS-UNIS<\/strong><\/td>\n<td width=\"121\"><strong>119,0<\/strong><\/td>\n<td width=\"121\">50,0<\/td>\n<td width=\"121\">3,4<\/td>\n<td width=\"121\"><strong>65,6<\/strong><\/td>\n<\/tr>\n<tr>\n<td width=\"121\">GB<\/td>\n<td width=\"121\"><strong>27,3<\/strong><\/td>\n<td width=\"121\">6,2<\/td>\n<td width=\"121\">1,0<\/td>\n<td width=\"121\">20,1<\/td>\n<\/tr>\n<tr>\n<td width=\"121\"><strong>TOTAL UE<\/strong><\/td>\n<td width=\"121\"><strong>202,1<\/strong><\/td>\n<td width=\"121\">102,8<\/td>\n<td width=\"121\">12,7<\/td>\n<td width=\"121\"><strong>86,5<\/strong><\/td>\n<\/tr>\n<tr>\n<td width=\"121\">UE<\/td>\n<td width=\"121\"><strong>98,9<\/strong><\/td>\n<td width=\"121\">96,2<\/td>\n<td width=\"121\">2,7<\/td>\n<td width=\"121\">&#8211;<\/td>\n<\/tr>\n<tr>\n<td width=\"121\">Allemagne<\/td>\n<td width=\"121\"><strong>15,9<\/strong><\/td>\n<td width=\"121\">1,4<\/td>\n<td width=\"121\">3,2<\/td>\n<td width=\"121\">11,3<\/td>\n<\/tr>\n<tr>\n<td width=\"121\">France<\/td>\n<td width=\"121\"><strong>7,4<\/strong><\/td>\n<td width=\"121\">0,8<\/td>\n<td width=\"121\">0,6<\/td>\n<td width=\"121\">6,0<\/td>\n<\/tr>\n<tr>\n<td width=\"121\">Pologne<\/td>\n<td width=\"121\"><strong>5,1<\/strong><\/td>\n<td width=\"121\">0,9<\/td>\n<td width=\"121\">0,5<\/td>\n<td width=\"121\">3,7<\/td>\n<\/tr>\n<tr>\n<td width=\"121\">Pays-Bas<\/td>\n<td width=\"121\"><strong>8,4<\/strong><\/td>\n<td width=\"121\">0,7<\/td>\n<td width=\"121\">0,8<\/td>\n<td width=\"121\">6,9<\/td>\n<\/tr>\n<tr>\n<td width=\"121\">Danemark<\/td>\n<td width=\"121\"><strong>9,5<\/strong><\/td>\n<td width=\"121\">0,1<\/td>\n<td width=\"121\">0,8<\/td>\n<td width=\"121\">8,6<\/td>\n<\/tr>\n<\/tbody>\n<\/table>\n<p><strong>Source : Kieler Institut f\u00fcr Weltwirtschaft, Ukraine support Tracker, donn\u00e9es au 30 avril 2025<\/strong><\/p>\n<p>&nbsp;<\/p>\n<p>Le Commissaire europ\u00e9en charg\u00e9 de la d\u00e9fense Andrius Kubilius a raison quand il affirme\u00a0: <em>\u00ab\u00a0450 millions de citoyens de l&rsquo;Union europ\u00e9enne ne devraient pas avoir \u00e0 compter sur 340 millions d&rsquo;Am\u00e9ricains pour se d\u00e9fendre contre 140 millions de Russes qui ne peuvent pas vaincre 38 millions d&rsquo;Ukrainiens\u00a0<\/em>\u00bb<strong>\u00a0<\/strong><\/p>\n<p><strong>Christophe Braouet<\/strong><\/p>\n<p><strong>\u00a0<\/strong><\/p>\n","protected":false},"excerpt":{"rendered":"<p>Commentaires N\u00b0 37\u00a0 Francfort, 30 juin 2025 Les astres sont align\u00e9s comme ils ne l\u2019\u00e9taient plus depuis longtemps : l\u2019entrant sur la sc\u00e8ne Friedrich Merz aime \u00e0 \u00e9voquer une plus grande souverainet\u00e9 europ\u00e9enne ch\u00e8re au sortant Emmanuel Macron. Il est urgent de saisir l\u2019opportunit\u00e9 de la nouvelle donne. Car l\u2019environnement international est propice, avec Donald [&hellip;]<\/p>\n","protected":false},"author":1,"featured_media":0,"comment_status":"closed","ping_status":"open","sticky":false,"template":"","format":"standard","meta":{"footnotes":""},"categories":[19],"tags":[],"_links":{"self":[{"href":"https:\/\/www.dfg-frankfurt.de\/fr\/wp-json\/wp\/v2\/posts\/22917"}],"collection":[{"href":"https:\/\/www.dfg-frankfurt.de\/fr\/wp-json\/wp\/v2\/posts"}],"about":[{"href":"https:\/\/www.dfg-frankfurt.de\/fr\/wp-json\/wp\/v2\/types\/post"}],"author":[{"embeddable":true,"href":"https:\/\/www.dfg-frankfurt.de\/fr\/wp-json\/wp\/v2\/users\/1"}],"replies":[{"embeddable":true,"href":"https:\/\/www.dfg-frankfurt.de\/fr\/wp-json\/wp\/v2\/comments?post=22917"}],"version-history":[{"count":1,"href":"https:\/\/www.dfg-frankfurt.de\/fr\/wp-json\/wp\/v2\/posts\/22917\/revisions"}],"predecessor-version":[{"id":22918,"href":"https:\/\/www.dfg-frankfurt.de\/fr\/wp-json\/wp\/v2\/posts\/22917\/revisions\/22918"}],"wp:attachment":[{"href":"https:\/\/www.dfg-frankfurt.de\/fr\/wp-json\/wp\/v2\/media?parent=22917"}],"wp:term":[{"taxonomy":"category","embeddable":true,"href":"https:\/\/www.dfg-frankfurt.de\/fr\/wp-json\/wp\/v2\/categories?post=22917"},{"taxonomy":"post_tag","embeddable":true,"href":"https:\/\/www.dfg-frankfurt.de\/fr\/wp-json\/wp\/v2\/tags?post=22917"}],"curies":[{"name":"wp","href":"https:\/\/api.w.org\/{rel}","templated":true}]}}