{"id":25418,"date":"2026-09-03T16:12:43","date_gmt":"2026-09-03T14:12:43","guid":{"rendered":"https:\/\/www.dfg-frankfurt.de\/nachruf-auf-eine-groesse-des-franzoesischen-kinos\/"},"modified":"2026-09-03T16:14:14","modified_gmt":"2026-09-03T14:14:14","slug":"nachruf-auf-eine-groesse-des-franzoesischen-kinos","status":"publish","type":"post","link":"https:\/\/www.dfg-frankfurt.de\/fr\/nachruf-auf-eine-groesse-des-franzoesischen-kinos\/","title":{"rendered":"Hommage \u00e0 un grand nom du cin\u00e9ma fran\u00e7ais"},"content":{"rendered":"<p class=\"p1\">C\u2019est avec une profonde \u00e9motion que la Soci\u00e9t\u00e9 Franco-Allemande (SFA) de Francfort a<\/p>\n<p class=\"p1\">appris la disparition du r\u00e9alisateur Jean-Paul Rappeneau, \u00e0 l\u2019\u00e2ge de 94 ans.<\/p>\n<p class=\"p1\">En 2016, il nous avait fait l\u2019immense honneur de sa pr\u00e9sence \u00e0 Francfort dans le cadre<\/p>\n<p class=\"p1\">d\u2019un hommage que nous lui avions rendu. Au-del\u00e0 du r\u00e9alisateur l\u00e9gendaire de Cyrano<\/p>\n<p class=\"p1\">de Bergerac, nous avions d\u00e9couvert un homme plein d\u2019humour, d\u2019une grande<\/p>\n<p class=\"p1\">sensibilit\u00e9, extr\u00eamement gentil et attentionn\u00e9.<\/p>\n<p class=\"p1\">Il aimait profond\u00e9ment l\u2019Allemagne, un pays o\u00f9 ses \u0153uvres ont toujours re\u00e7u un accueil<\/p>\n<p class=\"p1\">exceptionnel. Tout au long d&rsquo;un week-end, nous avions eu le bonheur de lui faire<\/p>\n<p class=\"p1\">d\u00e9couvrir notre ville ; un souvenir partag\u00e9 si fort qu&rsquo;il continuait, par la suite, \u00e0 nous<\/p>\n<p class=\"p1\">demander r\u00e9guli\u00e8rement des nouvelles de \u00ab Francfort \u00bb.<\/p>\n<p class=\"p1\">Nous conservons un souvenir \u00e9mu et pr\u00e9cieux de sa venue, de sa g\u00e9n\u00e9rosit\u00e9 et de sa<\/p>\n<p class=\"p1\">fid\u00e9lit\u00e9. Toutes nos pens\u00e9es les plus chaleureuses vont \u00e0 sa famille et \u00e0 ses proches. <span class=\"s1\">\ud83d\udd6f<\/span><\/p>\n<p class=\"p1\">#JeanPaulRappeneau #Cin\u00e9maFran\u00e7ais #Hommage #Francfort #FrancoAllemand<\/p>\n<p class=\"p1\">#InMemoriam #SFA<\/p>\n<p class=\"p1\"><a href=\"https:\/\/www.tagesspiegel.de\/gesellschaft\/dpa-todesfall-16008718.html\">https:\/\/www.tagesspiegel.de\/gesellschaft\/dpa-todesfall-16008718.html<\/a><\/p>\n","protected":false},"excerpt":{"rendered":"<p>C\u2019est avec une profonde \u00e9motion que la Soci\u00e9t\u00e9 Franco-Allemande (SFA) de Francfort a appris la disparition du r\u00e9alisateur Jean-Paul Rappeneau, \u00e0 l\u2019\u00e2ge de 94 ans. En 2016, il nous avait fait l\u2019immense honneur de sa pr\u00e9sence \u00e0 Francfort dans le cadre d\u2019un hommage que nous lui avions rendu. Au-del\u00e0 du r\u00e9alisateur l\u00e9gendaire de Cyrano de [&hellip;]<\/p>\n","protected":false},"author":1,"featured_media":0,"comment_status":"closed","ping_status":"open","sticky":false,"template":"","format":"standard","meta":{"footnotes":""},"categories":[19],"tags":[],"_links":{"self":[{"href":"https:\/\/www.dfg-frankfurt.de\/fr\/wp-json\/wp\/v2\/posts\/25418"}],"collection":[{"href":"https:\/\/www.dfg-frankfurt.de\/fr\/wp-json\/wp\/v2\/posts"}],"about":[{"href":"https:\/\/www.dfg-frankfurt.de\/fr\/wp-json\/wp\/v2\/types\/post"}],"author":[{"embeddable":true,"href":"https:\/\/www.dfg-frankfurt.de\/fr\/wp-json\/wp\/v2\/users\/1"}],"replies":[{"embeddable":true,"href":"https:\/\/www.dfg-frankfurt.de\/fr\/wp-json\/wp\/v2\/comments?post=25418"}],"version-history":[{"count":2,"href":"https:\/\/www.dfg-frankfurt.de\/fr\/wp-json\/wp\/v2\/posts\/25418\/revisions"}],"predecessor-version":[{"id":25420,"href":"https:\/\/www.dfg-frankfurt.de\/fr\/wp-json\/wp\/v2\/posts\/25418\/revisions\/25420"}],"wp:attachment":[{"href":"https:\/\/www.dfg-frankfurt.de\/fr\/wp-json\/wp\/v2\/media?parent=25418"}],"wp:term":[{"taxonomy":"category","embeddable":true,"href":"https:\/\/www.dfg-frankfurt.de\/fr\/wp-json\/wp\/v2\/categories?post=25418"},{"taxonomy":"post_tag","embeddable":true,"href":"https:\/\/www.dfg-frankfurt.de\/fr\/wp-json\/wp\/v2\/tags?post=25418"}],"curies":[{"name":"wp","href":"https:\/\/api.w.org\/{rel}","templated":true}]}}